{"id":429,"date":"2009-02-09T19:47:24","date_gmt":"2009-02-09T18:47:24","guid":{"rendered":"http:\/\/www.segelyacht-eos.de\/?p=429"},"modified":"2009-02-09T19:47:24","modified_gmt":"2009-02-09T18:47:24","slug":"herbsttorn-2010-teil-2","status":"publish","type":"post","link":"https:\/\/www.segelyacht-merlin.de\/?p=429","title":{"rendered":"Herbstt\u00f6rn 2010 Teil 2"},"content":{"rendered":"<p class=\"MsoNormal\" style=\"margin: 0cm 0cm 0pt;\"><span style=\"font-size: small;\"><span style=\"font-family: Times New Roman;\"><img loading=\"lazy\" decoding=\"async\" class=\"aligncenter size-full wp-image-433\" title=\"lefkas1\" src=\"http:\/\/www.segelyacht-merlin.de\/wp-content\/uploads\/2011\/01\/lefkas1.jpg\" alt=\"lefkas1\" width=\"768\" height=\"519\" \/><\/span><\/span><\/p>\n<p class=\"MsoNormal\" style=\"margin: 0cm 0cm 0pt;\"><span style=\"font-size: small;\"><span style=\"font-family: Times New Roman;\">So, Wolferl sitzt im Flieger. Jetzt hoffen wir mal, dass unsere M\u00e4dels ankommen. Franz und ich stehen in Preveza am Flughafen und warten. Und tats\u00e4chlich, die Schiebet\u00fcren \u00f6ffnen sich kurz und wir sehen (und h\u00f6ren)\u00a0die Beiden an der Gep\u00e4ckausgabe. Na dann ist ja alles klar!<\/span><\/span><\/p>\n<p class=\"MsoNormal\" style=\"margin: 0cm 0cm 0pt;\"><span style=\"font-size: small;\"><span style=\"font-family: Times New Roman;\">Der Samstag vergeht mit Einkaufen und einem Stadtbummel. Es wird sp\u00fcrbar ruhig in Lefkas. Die Saison geht langsam zu ende.<\/span><\/span><\/p>\n<p class=\"MsoNormal\" style=\"margin: 0cm 0cm 0pt;\"><span style=\"font-size: small;\"><span style=\"font-family: Times New Roman;\"><strong>Sonntag 10. Oktober<\/strong>. Um 10:30 Uhr legen wir von Steg C ab, Kurs Richtung s\u00fcden. Es ist angenehm warm und hat ca. 4\/8 hohe Bew\u00f6lkung aber wenig Wind. So t\u00fcmpeln wir gem\u00e4chlich der Insel Meganision entgegen. Zun\u00e4chst sehen wir uns den netten kleinen Hafen von Vathi an, <img loading=\"lazy\" decoding=\"async\" class=\"alignleft size-full wp-image-437\" title=\"vathi-auf-meganision1\" src=\"http:\/\/www.segelyacht-merlin.de\/wp-content\/uploads\/2011\/01\/vathi-auf-meganision1.jpg\" alt=\"vathi-auf-meganision1\" width=\"413\" height=\"264\" \/>gehen aber dann doch weiter zu dem bereits mehrfach angelaufenen Porto Spila unterhalb der Stadt Spartachori. <\/span><\/span><\/p>\n<p class=\"MsoNormal\" style=\"margin: 0cm 0cm 0pt;\"><span style=\"font-size: small;\"><span style=\"font-family: Times New Roman;\">Ich gehe immer wieder gerne den Weg hinauf zu dem kleinen verschlafenen Ort. Diesmal sperrt der Tavernenbesitzer extra wegen uns seine Terasse noch mal auf. Wie gesagt, die Saison geht zu ende.<img decoding=\"async\" class=\"alignright size-full wp-image-438\" title=\"spartachori\" src=\"http:\/\/www.segelyacht-merlin.de\/wp-content\/uploads\/2011\/01\/spartachori.jpg\" alt=\"spartachori\" \/>\u00a0Die Sicht von da oben ist immer wieder grandios.<\/span><\/span><\/p>\n<p class=\"MsoNormal\" style=\"margin: 0cm 0cm 0pt;\"><span style=\"font-size: small;\"><span style=\"font-family: Times New Roman;\"><strong>Montag 11. Oktober<\/strong>. Es regnet. Der Wetterbericht meldet f\u00fcr die kommenden drei Tage nur Schmuddelwetter. F\u00fcr\u00a0Teile der Nordionischen See sogar Sturmwarnung. Wir segeln im Uhrzeigersinn um Meganision bis zur S\u00fcdspitze und von dort aus weiter Richtung Itaka. Biegen dann aber\u00a0vor Arkoudi Richtung Norden nach Vlykhon ab. <img decoding=\"async\" class=\"aligncenter size-full wp-image-450\" title=\"regen2\" src=\"http:\/\/www.segelyacht-merlin.de\/wp-content\/uploads\/2011\/01\/regen2.jpg\" alt=\"regen2\" \/>Tropfnass kommen wir um 16:30 Uhr am Ankerplatz an. Abendessen an Bord. Nachts starke Fallb\u00f6en, Gewitter und Regen. Der Anker h\u00e4lt im Schlick problemlos.<\/span><\/span><\/p>\n<p class=\"MsoNormal\" style=\"margin: 0cm 0cm 0pt;\"><span style=\"font-size: small;\"><span style=\"font-family: Times New Roman;\"><strong>Dienstag 12. Oktober<\/strong>. Es ist weiterhin bew\u00f6lkt und regnerisch. Wir beschlie\u00dfen nach Lefkas zur\u00fcck zu fahren und auf Landurlaub umzustellen. Die n\u00e4chsten Tage erkunden wir mit Mietauto und Motorroller die Umgebung und nutzen unsere MERLIN als Hotelzimmer. Mal was anderes.<img decoding=\"async\" class=\"aligncenter size-full wp-image-452\" title=\"easy-rider\" src=\"http:\/\/www.segelyacht-merlin.de\/wp-content\/uploads\/2011\/01\/easy-rider.jpg\" alt=\"Easy Rider\" \/><\/span><\/span><\/p>\n","protected":false},"excerpt":{"rendered":"<p>So, Wolferl sitzt im Flieger. Jetzt hoffen wir mal, dass unsere M\u00e4dels ankommen. Franz und ich stehen in Preveza am Flughafen und warten. Und tats\u00e4chlich, die Schiebet\u00fcren \u00f6ffnen sich kurz und wir sehen (und h\u00f6ren)\u00a0die Beiden an der Gep\u00e4ckausgabe. Na dann ist ja alles klar! Der Samstag vergeht mit Einkaufen und einem Stadtbummel. Es wird [&hellip;]<\/p>\n","protected":false},"author":2,"featured_media":0,"comment_status":"open","ping_status":"open","sticky":false,"template":"","format":"standard","meta":{"footnotes":""},"categories":[1],"tags":[],"class_list":["post-429","post","type-post","status-publish","format-standard","hentry","category-allgemein"],"_links":{"self":[{"href":"https:\/\/www.segelyacht-merlin.de\/index.php?rest_route=\/wp\/v2\/posts\/429","targetHints":{"allow":["GET"]}}],"collection":[{"href":"https:\/\/www.segelyacht-merlin.de\/index.php?rest_route=\/wp\/v2\/posts"}],"about":[{"href":"https:\/\/www.segelyacht-merlin.de\/index.php?rest_route=\/wp\/v2\/types\/post"}],"author":[{"embeddable":true,"href":"https:\/\/www.segelyacht-merlin.de\/index.php?rest_route=\/wp\/v2\/users\/2"}],"replies":[{"embeddable":true,"href":"https:\/\/www.segelyacht-merlin.de\/index.php?rest_route=%2Fwp%2Fv2%2Fcomments&post=429"}],"version-history":[{"count":0,"href":"https:\/\/www.segelyacht-merlin.de\/index.php?rest_route=\/wp\/v2\/posts\/429\/revisions"}],"wp:attachment":[{"href":"https:\/\/www.segelyacht-merlin.de\/index.php?rest_route=%2Fwp%2Fv2%2Fmedia&parent=429"}],"wp:term":[{"taxonomy":"category","embeddable":true,"href":"https:\/\/www.segelyacht-merlin.de\/index.php?rest_route=%2Fwp%2Fv2%2Fcategories&post=429"},{"taxonomy":"post_tag","embeddable":true,"href":"https:\/\/www.segelyacht-merlin.de\/index.php?rest_route=%2Fwp%2Fv2%2Ftags&post=429"}],"curies":[{"name":"wp","href":"https:\/\/api.w.org\/{rel}","templated":true}]}}