{"id":903,"date":"2009-01-28T18:23:58","date_gmt":"2009-01-28T17:23:58","guid":{"rendered":"http:\/\/www.segelyacht-merlin.de\/?p=903"},"modified":"2017-10-29T21:13:59","modified_gmt":"2017-10-29T20:13:59","slug":"kaunos-eine-reise-in-die-vergangenheit","status":"publish","type":"post","link":"https:\/\/www.segelyacht-merlin.de\/?p=903","title":{"rendered":"Kaunos, eine Reise in die Vergangenheit."},"content":{"rendered":"<p><img loading=\"lazy\" decoding=\"async\" class=\"aligncenter size-large wp-image-907\" src=\"http:\/\/www.segelyacht-merlin.de\/wp-content\/uploads\/2017\/10\/Segeln-T\u00fcrkei-10-2017-166-1024x540.jpg\" alt=\"\" width=\"630\" height=\"332\" srcset=\"https:\/\/www.segelyacht-merlin.de\/wp-content\/uploads\/2017\/10\/Segeln-T\u00fcrkei-10-2017-166-1024x540.jpg 1024w, https:\/\/www.segelyacht-merlin.de\/wp-content\/uploads\/2017\/10\/Segeln-T\u00fcrkei-10-2017-166-300x158.jpg 300w, https:\/\/www.segelyacht-merlin.de\/wp-content\/uploads\/2017\/10\/Segeln-T\u00fcrkei-10-2017-166-768x405.jpg 768w, https:\/\/www.segelyacht-merlin.de\/wp-content\/uploads\/2017\/10\/Segeln-T\u00fcrkei-10-2017-166.jpg 1069w\" sizes=\"auto, (max-width: 630px) 100vw, 630px\" \/><\/p>\n<p>Auf unserem letzten T\u00f6rn, Mitte Oktober 2017 hatten wir einen Ausflug\u00a0 nach Dalian eingeplant.\u00a0 Man verliert zwar einen Segeltag, aber so ein kultureller Ausflug zu T\u00f6rnmitte ist ganz interessant und abwechslungsreich.\u00a0 So starteten wir, nach einem f\u00fcrstlichen Fr\u00fchst\u00fcck an Bord,\u00a0 am Montagmorgen gegen 9:30 Uhr \u00a0von Boynuz B\u00fck\u00fc (auf Deutsch, \u00a0H\u00f6rnerbucht) \u00a0zu unserem Trip, Richtung Nordwest nach Ekincik. Zun\u00e4chst durch die Passage zwischen Domuz Adasi und Tersane (auf Deutsch, die Werft),\u00a0 vorbei am Kap Kurtoglu und dann immer Richtung Nordwest.\u00a0 Bei gutem Segelwind dauert die Reise 6 bis 7 Stunden und das Ziel ist an einem Tag entspannt zu erreichen. <img loading=\"lazy\" decoding=\"async\" class=\"aligncenter size-large wp-image-909\" src=\"http:\/\/www.segelyacht-merlin.de\/wp-content\/uploads\/2017\/10\/Segeln-T\u00fcrkei-10-2017-093-1024x555.jpg\" alt=\"\" width=\"630\" height=\"341\" srcset=\"https:\/\/www.segelyacht-merlin.de\/wp-content\/uploads\/2017\/10\/Segeln-T\u00fcrkei-10-2017-093-1024x555.jpg 1024w, https:\/\/www.segelyacht-merlin.de\/wp-content\/uploads\/2017\/10\/Segeln-T\u00fcrkei-10-2017-093-300x163.jpg 300w, https:\/\/www.segelyacht-merlin.de\/wp-content\/uploads\/2017\/10\/Segeln-T\u00fcrkei-10-2017-093-768x416.jpg 768w, https:\/\/www.segelyacht-merlin.de\/wp-content\/uploads\/2017\/10\/Segeln-T\u00fcrkei-10-2017-093.jpg 1218w\" sizes=\"auto, (max-width: 630px) 100vw, 630px\" \/>Schon die ganze Woche vorher war es Wolkenlos. Das Barometer stand bei 1022 hPa wie angenagelt. Vormittags gab es den typischen Landwind, dann nach einer kurzen, circa einst\u00fcndigen Pause, wenn sich die umliegenden H\u00fcgel und Berge ausreichend aufgeheizt hatten, folgten thermische Seewinde. Ideale Verh\u00e4ltnisse mit moderaten Wellen. Ein Traum f\u00fcr jeden Segler.<\/p>\n<p>Gegen 16:30 Uhr kommen wir an unserem Ziel K\u00f6ycegiz Limani (36\u00b048`N 028\u00b032`E) an. Die Handb\u00fccher weisen eine Vielzahl von Ankerpl\u00e4tzen zum Baden, aber auch zur \u00dcbernachtung aus. Wir haben zwei davon in die engere Wahl genommen. Entweder auf 2 bis 5 Meter Wassertiefe am Strand von Ekincik ankern, oder die My Marina ansteuern. Da wir morgen keine Bootswache zur\u00fcck lassen wollen, entscheiden wir uns f\u00fcr die Marina.<img loading=\"lazy\" decoding=\"async\" class=\"aligncenter size-full wp-image-910\" src=\"http:\/\/www.segelyacht-merlin.de\/wp-content\/uploads\/2017\/10\/Segeln-T\u00fcrkei-10-2017-102.jpg\" alt=\"\" width=\"766\" height=\"417\" srcset=\"https:\/\/www.segelyacht-merlin.de\/wp-content\/uploads\/2017\/10\/Segeln-T\u00fcrkei-10-2017-102.jpg 766w, https:\/\/www.segelyacht-merlin.de\/wp-content\/uploads\/2017\/10\/Segeln-T\u00fcrkei-10-2017-102-300x163.jpg 300w\" sizes=\"auto, (max-width: 766px) 100vw, 766px\" \/> Etwas stutzig macht uns die Aussage aus einem Hafenhandbuch, dass das Restaurant sehr teuer w\u00e4re. Was sich im Nachhinein best\u00e4tigt, Service und Angebot aber den Preis auch Wert sind.<\/p>\n<p>Die Marina bietet Wasser und Strom an. Abends werden 75 Lira Liegegeld erhoben. Was einen aber letztendlich von der moralischen Verpflichtung, im Lokal zu speisen, entbindet. Es gibt einen kleinen Laden f\u00fcr Lebensmittel, morgens frisches Brot. Toiletten und Duschen sind \u00fcberdurchschnittlich eingerichtet. M\u00fclltrennung und Abfallentsorgung selbstverst\u00e4ndlich.<\/p>\n<p>Eine Kooperative der Fischer organisiert die Bootsausfl\u00fcge. Und so buchen wir abends schon die morgige Tagesreise. Sie kostet 150,-Euro pro Yachtcrew und wird im Nachhinein bezahlt.<\/p>\n<p>Wir g\u00f6nnen uns am Abend einen Restaurantbesuch. Der Tisch ist reserviert. Das Verh\u00e4ltnis Kellner zu G\u00e4sten h\u00e4lt sich ann\u00e4hernd die Waage.<\/p>\n<p><img loading=\"lazy\" decoding=\"async\" class=\"alignleft wp-image-911 \" src=\"http:\/\/www.segelyacht-merlin.de\/wp-content\/uploads\/2017\/10\/IMG_3087klein-300x298.jpg\" alt=\"\" width=\"284\" height=\"282\" srcset=\"https:\/\/www.segelyacht-merlin.de\/wp-content\/uploads\/2017\/10\/IMG_3087klein-300x298.jpg 300w, https:\/\/www.segelyacht-merlin.de\/wp-content\/uploads\/2017\/10\/IMG_3087klein-150x150.jpg 150w, https:\/\/www.segelyacht-merlin.de\/wp-content\/uploads\/2017\/10\/IMG_3087klein.jpg 741w\" sizes=\"auto, (max-width: 284px) 100vw, 284px\" \/> <img loading=\"lazy\" decoding=\"async\" class=\"alignnone wp-image-913\" src=\"http:\/\/www.segelyacht-merlin.de\/wp-content\/uploads\/2017\/10\/IMG_3088klein-300x256.jpg\" alt=\"\" width=\"330\" height=\"281\" srcset=\"https:\/\/www.segelyacht-merlin.de\/wp-content\/uploads\/2017\/10\/IMG_3088klein-300x256.jpg 300w, https:\/\/www.segelyacht-merlin.de\/wp-content\/uploads\/2017\/10\/IMG_3088klein.jpg 747w\" sizes=\"auto, (max-width: 330px) 100vw, 330px\" \/><\/p>\n<p>Nach einem kleinen Begr\u00fc\u00dfungssnack aus der K\u00fcche, wird uns das Tagesmen\u00fc vorgestellt. Wir k\u00f6nnen zwischen vier Vorspeisen, vier Hauptspeisen und vier Desserts w\u00e4hlen. A la Card ist nicht vorgesehen. Das Men\u00fc kostet 28,- Euro pro Person. Warum wir letztendlich ann\u00e4hernd das Doppelte hinlegen mussten, ist wahrscheinlich unserem Durst geschuldet.<\/p>\n<p><img loading=\"lazy\" decoding=\"async\" class=\"aligncenter size-full wp-image-916\" src=\"http:\/\/www.segelyacht-merlin.de\/wp-content\/uploads\/2017\/10\/Segeln-T\u00fcrkei-10-2017-122.jpg\" alt=\"\" width=\"765\" height=\"340\" srcset=\"https:\/\/www.segelyacht-merlin.de\/wp-content\/uploads\/2017\/10\/Segeln-T\u00fcrkei-10-2017-122.jpg 765w, https:\/\/www.segelyacht-merlin.de\/wp-content\/uploads\/2017\/10\/Segeln-T\u00fcrkei-10-2017-122-300x133.jpg 300w\" sizes=\"auto, (max-width: 765px) 100vw, 765px\" \/><\/p>\n<p>P\u00fcnktlich um 10:00 Uhr morgens werden wir von unserem Guide am Steg erwartet. Er spricht perfekt Englisch und mindestens 10mal so gut Deutsch, wie wir T\u00fcrkisch.\u00a0 Die Bootstour f\u00fchrt uns zun\u00e4chst um ein Kap und an einer gro\u00dfen Sandbank vorbei. Mit viel Gl\u00fcck sind dort Wasserschildkr\u00f6ten zu beobachten. Wie gesagt, mit viel Gl\u00fcck. Dann beginnt eine Schilflandschaft wie ich sie bisher sehr selten gesehen habe. Unser Bootsmann steuert sicher durch das Labyrinth aus dem wir wahrscheinlich nur mit M\u00fche alleine \u00a0wieder herausgefunden h\u00e4tten.<img loading=\"lazy\" decoding=\"async\" class=\"aligncenter size-full wp-image-917\" src=\"http:\/\/www.segelyacht-merlin.de\/wp-content\/uploads\/2017\/10\/Segeln-T\u00fcrkei-10-2017-135.jpg\" alt=\"\" width=\"763\" height=\"431\" srcset=\"https:\/\/www.segelyacht-merlin.de\/wp-content\/uploads\/2017\/10\/Segeln-T\u00fcrkei-10-2017-135.jpg 763w, https:\/\/www.segelyacht-merlin.de\/wp-content\/uploads\/2017\/10\/Segeln-T\u00fcrkei-10-2017-135-300x169.jpg 300w\" sizes=\"auto, (max-width: 763px) 100vw, 763px\" \/><\/p>\n<p>Nach einer guten Stunde sind wir durch den Schilfg\u00fcrtel, vorbei an einer Fischschleuse und erreichen unseren ersten Anleger. Ein drei\u00dfigmin\u00fctiger Fu\u00dfmarsch bringt uns nach Kaunos, einer Antiken R\u00f6mischen Hafenstadt aus dem 10 Jahrhundert vor Christi Geburt. Die zunehmende Versandung hat der Stadt irgendwann den Seeweg versperrt. Und eine mysteri\u00f6se Erkrankung hat die Haut der Bewohner gelblich gef\u00e4rbt. Durch die h\u00e4ufigen Todesf\u00e4lle haben die Einwohner irgendwann die Stadt aufgeben m\u00fcssen. Heute wei\u00df man, dass es sich um Malaria aus den S\u00fcmpfen handelte. Die Ruinen sind noch nicht ganz frei gelegt, lassen aber die enormen Ausma\u00dfe erahnen.<\/p>\n<p><img loading=\"lazy\" decoding=\"async\" class=\"aligncenter size-large wp-image-919\" src=\"http:\/\/www.segelyacht-merlin.de\/wp-content\/uploads\/2017\/10\/Segeln-T\u00fcrkei-10-2017-167-1024x683.jpg\" alt=\"\" width=\"630\" height=\"420\" srcset=\"https:\/\/www.segelyacht-merlin.de\/wp-content\/uploads\/2017\/10\/Segeln-T\u00fcrkei-10-2017-167-1024x683.jpg 1024w, https:\/\/www.segelyacht-merlin.de\/wp-content\/uploads\/2017\/10\/Segeln-T\u00fcrkei-10-2017-167-300x200.jpg 300w, https:\/\/www.segelyacht-merlin.de\/wp-content\/uploads\/2017\/10\/Segeln-T\u00fcrkei-10-2017-167-768x512.jpg 768w, https:\/\/www.segelyacht-merlin.de\/wp-content\/uploads\/2017\/10\/Segeln-T\u00fcrkei-10-2017-167.jpg 1037w\" sizes=\"auto, (max-width: 630px) 100vw, 630px\" \/><\/p>\n<p>Weiter geht es dem Fluss Dalian stromaufw\u00e4rts zu den Lykischen Felsengr\u00e4bern. Es handelt sich um in den Fels gehauene Grabst\u00e4tten. Unser Guide berichtet, dass es zwei grunds\u00e4tzlich unterschiedliche Bauarten aus zwei Epochen gibt. Man erkennt sie an der unterschiedlichen S\u00e4ulenstruktur. Leider kann man die Gr\u00e4ber nur aus der Ferne besichtigen. Vielleicht ist es aber auch gut so. Und so suchen wir uns einen netten Terassen-Platz mit Blick zu den Felsengr\u00e4bern aus. Die Lokale sind vollkommen auf Tourismus ausgelegt, wie soll es auch anders sein. Aber Niemand nimmt uns \u00fcbel, dass wir uns auf k\u00fchle Getr\u00e4nke, Salat und Vorspeisen beschr\u00e4nken.<\/p>\n<p><img loading=\"lazy\" decoding=\"async\" class=\"aligncenter size-full wp-image-923\" src=\"http:\/\/www.segelyacht-merlin.de\/wp-content\/uploads\/2017\/10\/IMG_3141klein.jpg\" alt=\"\" width=\"707\" height=\"471\" srcset=\"https:\/\/www.segelyacht-merlin.de\/wp-content\/uploads\/2017\/10\/IMG_3141klein.jpg 707w, https:\/\/www.segelyacht-merlin.de\/wp-content\/uploads\/2017\/10\/IMG_3141klein-300x200.jpg 300w\" sizes=\"auto, (max-width: 707px) 100vw, 707px\" \/><\/p>\n<p>Gest\u00e4rkt geht es weiter zur dritten Station. Einem Schwefel-Thermalbad. Was soll ich schreiben? In atemberaubender Landschaft liegt ein hei\u00df brodelndes, tr\u00fcbes und penetrant nach faulen Eiern stinkendes Bad. Wer\u00b4s mag kann reinsteigen. Es soll gesund sein. Christian, unser Mitsegler hat es ausprobiert. Der Rest der Crew hat darauf verzichtet und sich an den Chai (Deutsch Tee) an der Bar gehalten. Chai ist \u00fcbrigens allgegenw\u00e4rtig. Die T\u00fcrken trinken sehr viel Tee.<\/p>\n<p><img loading=\"lazy\" decoding=\"async\" class=\"alignleft wp-image-921 \" src=\"http:\/\/www.segelyacht-merlin.de\/wp-content\/uploads\/2017\/10\/Segeln-T\u00fcrkei-10-2017-207-300x283.jpg\" alt=\"\" width=\"280\" height=\"264\" srcset=\"https:\/\/www.segelyacht-merlin.de\/wp-content\/uploads\/2017\/10\/Segeln-T\u00fcrkei-10-2017-207-300x283.jpg 300w, https:\/\/www.segelyacht-merlin.de\/wp-content\/uploads\/2017\/10\/Segeln-T\u00fcrkei-10-2017-207.jpg 716w\" sizes=\"auto, (max-width: 280px) 100vw, 280px\" \/> <img loading=\"lazy\" decoding=\"async\" class=\"wp-image-920 aligncenter\" src=\"http:\/\/www.segelyacht-merlin.de\/wp-content\/uploads\/2017\/10\/Segeln-T\u00fcrkei-10-2017-206-300x242.jpg\" alt=\"\" width=\"335\" height=\"271\" srcset=\"https:\/\/www.segelyacht-merlin.de\/wp-content\/uploads\/2017\/10\/Segeln-T\u00fcrkei-10-2017-206-300x242.jpg 300w, https:\/\/www.segelyacht-merlin.de\/wp-content\/uploads\/2017\/10\/Segeln-T\u00fcrkei-10-2017-206-768x620.jpg 768w, https:\/\/www.segelyacht-merlin.de\/wp-content\/uploads\/2017\/10\/Segeln-T\u00fcrkei-10-2017-206.jpg 832w\" sizes=\"auto, (max-width: 335px) 100vw, 335px\" \/><\/p>\n<p><img loading=\"lazy\" decoding=\"async\" class=\"aligncenter size-full wp-image-922\" src=\"http:\/\/www.segelyacht-merlin.de\/wp-content\/uploads\/2017\/10\/Segeln-T\u00fcrkei-10-2017-212.jpg\" alt=\"\" width=\"898\" height=\"560\" srcset=\"https:\/\/www.segelyacht-merlin.de\/wp-content\/uploads\/2017\/10\/Segeln-T\u00fcrkei-10-2017-212.jpg 898w, https:\/\/www.segelyacht-merlin.de\/wp-content\/uploads\/2017\/10\/Segeln-T\u00fcrkei-10-2017-212-300x187.jpg 300w, https:\/\/www.segelyacht-merlin.de\/wp-content\/uploads\/2017\/10\/Segeln-T\u00fcrkei-10-2017-212-768x479.jpg 768w\" sizes=\"auto, (max-width: 898px) 100vw, 898px\" \/><\/p>\n<p>Anschlie\u00dfend geht es zur\u00fcck. Und gegen 16:00 Uhr sind wir wieder in der Marina. Um die Bordkasse nicht ungeb\u00fchr zu strapazieren, wird an Bord gekocht. Kapit\u00e4ns-Dinner. Spaghetti mit zweierlei Saucen, viel Salat, Efes, Angora und Raki. \u00a0Meine Crewmitglieder stimmen mir zu. Ein Ausflug der sich echt lohnt.<\/p>\n<p><img loading=\"lazy\" decoding=\"async\" class=\"aligncenter size-full wp-image-924\" src=\"http:\/\/www.segelyacht-merlin.de\/wp-content\/uploads\/2017\/10\/Segeln-T\u00fcrkei-10-2017-225.jpg\" alt=\"\" width=\"1021\" height=\"486\" srcset=\"https:\/\/www.segelyacht-merlin.de\/wp-content\/uploads\/2017\/10\/Segeln-T\u00fcrkei-10-2017-225.jpg 1021w, https:\/\/www.segelyacht-merlin.de\/wp-content\/uploads\/2017\/10\/Segeln-T\u00fcrkei-10-2017-225-300x143.jpg 300w, https:\/\/www.segelyacht-merlin.de\/wp-content\/uploads\/2017\/10\/Segeln-T\u00fcrkei-10-2017-225-768x366.jpg 768w\" sizes=\"auto, (max-width: 1021px) 100vw, 1021px\" \/><\/p>\n<p>Wenn Ihr neugierig geworden seid. Meine MERLIN (Bavaria 33) hat in diesem Jahr noch eine Charterwoche vom 11.11. bis 18.11. frei und steht Euch ab 19.05.2018 wieder f\u00fcr solche Ausfl\u00fcge und andere Erlebnisse zur Verf\u00fcgung. Nat\u00fcrlich auch die restliche Flotte von Sail with Friends.<\/p>\n<p>Liebe Gr\u00fc\u00dfe und kommt gut \u00fcber den Winter<\/p>\n<p>Skipper Tom<\/p>\n<p><a href=\"http:\/\/www.segelyacht-merlin.de\">www.segelyacht-merlin.de<\/a><\/p>\n<p style=\"text-align: left;\">PS<\/p>\n<p style=\"text-align: left;\">Danke an Christian f\u00fcr die sch\u00f6nen Bilder<\/p>\n<p><img loading=\"lazy\" decoding=\"async\" class=\"aligncenter size-large wp-image-925\" src=\"http:\/\/www.segelyacht-merlin.de\/wp-content\/uploads\/2017\/10\/IMG_3086klein-1024x456.jpg\" alt=\"\" width=\"630\" height=\"281\" srcset=\"https:\/\/www.segelyacht-merlin.de\/wp-content\/uploads\/2017\/10\/IMG_3086klein-1024x456.jpg 1024w, https:\/\/www.segelyacht-merlin.de\/wp-content\/uploads\/2017\/10\/IMG_3086klein-300x134.jpg 300w, https:\/\/www.segelyacht-merlin.de\/wp-content\/uploads\/2017\/10\/IMG_3086klein-768x342.jpg 768w, https:\/\/www.segelyacht-merlin.de\/wp-content\/uploads\/2017\/10\/IMG_3086klein.jpg 1194w\" sizes=\"auto, (max-width: 630px) 100vw, 630px\" \/><\/p>\n<p>&nbsp;<\/p>\n","protected":false},"excerpt":{"rendered":"<p>Auf unserem letzten T\u00f6rn, Mitte Oktober 2017 hatten wir einen Ausflug\u00a0 nach Dalian eingeplant.\u00a0 Man verliert zwar einen Segeltag, aber so ein kultureller Ausflug zu T\u00f6rnmitte ist ganz interessant und abwechslungsreich.\u00a0 So starteten wir, nach einem f\u00fcrstlichen Fr\u00fchst\u00fcck an Bord,\u00a0 am Montagmorgen gegen 9:30 Uhr \u00a0von Boynuz B\u00fck\u00fc (auf Deutsch, \u00a0H\u00f6rnerbucht) \u00a0zu unserem Trip, Richtung [&hellip;]<\/p>\n","protected":false},"author":2,"featured_media":0,"comment_status":"open","ping_status":"open","sticky":false,"template":"","format":"standard","meta":{"footnotes":""},"categories":[1],"tags":[],"class_list":["post-903","post","type-post","status-publish","format-standard","hentry","category-allgemein"],"_links":{"self":[{"href":"https:\/\/www.segelyacht-merlin.de\/index.php?rest_route=\/wp\/v2\/posts\/903","targetHints":{"allow":["GET"]}}],"collection":[{"href":"https:\/\/www.segelyacht-merlin.de\/index.php?rest_route=\/wp\/v2\/posts"}],"about":[{"href":"https:\/\/www.segelyacht-merlin.de\/index.php?rest_route=\/wp\/v2\/types\/post"}],"author":[{"embeddable":true,"href":"https:\/\/www.segelyacht-merlin.de\/index.php?rest_route=\/wp\/v2\/users\/2"}],"replies":[{"embeddable":true,"href":"https:\/\/www.segelyacht-merlin.de\/index.php?rest_route=%2Fwp%2Fv2%2Fcomments&post=903"}],"version-history":[{"count":8,"href":"https:\/\/www.segelyacht-merlin.de\/index.php?rest_route=\/wp\/v2\/posts\/903\/revisions"}],"predecessor-version":[{"id":928,"href":"https:\/\/www.segelyacht-merlin.de\/index.php?rest_route=\/wp\/v2\/posts\/903\/revisions\/928"}],"wp:attachment":[{"href":"https:\/\/www.segelyacht-merlin.de\/index.php?rest_route=%2Fwp%2Fv2%2Fmedia&parent=903"}],"wp:term":[{"taxonomy":"category","embeddable":true,"href":"https:\/\/www.segelyacht-merlin.de\/index.php?rest_route=%2Fwp%2Fv2%2Fcategories&post=903"},{"taxonomy":"post_tag","embeddable":true,"href":"https:\/\/www.segelyacht-merlin.de\/index.php?rest_route=%2Fwp%2Fv2%2Ftags&post=903"}],"curies":[{"name":"wp","href":"https:\/\/api.w.org\/{rel}","templated":true}]}}